{"id":3827,"date":"2020-04-19T19:03:38","date_gmt":"2020-04-19T17:03:38","guid":{"rendered":"https:\/\/annaferregimenez.com\/?p=3827"},"modified":"2024-09-12T10:44:43","modified_gmt":"2024-09-12T08:44:43","slug":"mas-miedo","status":"publish","type":"post","link":"https:\/\/annaferregimenez.com\/ca\/mas-miedo\/","title":{"rendered":"M\u00e9s por"},"content":{"rendered":"<p>\u00c9s clar que tinc por.<br \/>\nPor de dir el que penso<br \/>\nde sortir sense guants<br \/>\ni de sentir mirades de ferro<\/p>\n<p>Por de creure all\u00f2 oficial<br \/>\ni\u00a0por de caure en conspiranoia,<br \/>\npor de ser fr\u00edvola<br \/>\ni\u00a0por que tot sigui nom\u00e9s seri\u00f3s.<\/p>\n<p>Por que la por es quedi<br \/>\ni que sortir al carrer no m&#8217;alliberi.<br \/>\nPor de perdre&#8217;m en all\u00f2 virtual,<br \/>\npor de callar el crit i cridar all\u00f2 que \u00e9s buit<\/p>\n<p>Por que la mentida sembli certa<br \/>\ni que la falsedat se m&#8217;acomodi;<br \/>\nPor que buscar la veritat m&#8217;esgoti<br \/>\ni que la veritat inabastable em travessi.<\/p>\n<p>Por d&#8217;allunyar-me m\u00e9s i m\u00e9s de qui s\u00f3c<br \/>\nI allunyar-me m\u00e9s i m\u00e9s de qui ets<br \/>\nPor a aplaudir a destemps<br \/>\ni por de no saber perdre el temps.<\/p>\n<p>Por que el confinament acabi,<br \/>\npor que em caiguin els cabells,<br \/>\npor que el m\u00f3n em vagi gran<br \/>\ni ser petita amb espant.<\/p>\n<p>Por que la terra s&#8217;escalfi per sempre<br \/>\nmentre els cors es congelen de por<br \/>\nPor que les \u00e0nimes volin sense ad\u00e9u i sense cos<br \/>\ni que els cossos caminin sense fer el dol<\/p>\n<p>Amb suavitat\u00a0dono la m\u00e0 a la tendresa<br \/>\ni d&#8217;un rampell abra\u00e7o als qui estimo<br \/>\nI per si aix\u00f2 no \u00e9s suficient conjur,<br \/>\namb el riure i la m\u00fasica ballo la por que tremolo<\/p>\n<p>&nbsp;<\/p>\n","protected":false},"excerpt":{"rendered":"<p>\u00c9s clar que tinc por. Por de dir el que penso de sortir sense guants i de sentir mirades de ferro Por de creure all\u00f2 oficial i\u00a0por de caure en conspiranoia, por de ser fr\u00edvola i\u00a0por que tot sigui nom\u00e9s seri\u00f3s. Por que la por es quedi i que sortir al carrer no m&#8217;alliberi. Por [&hellip;]<\/p>\n","protected":false},"author":4,"featured_media":3664,"comment_status":"open","ping_status":"open","sticky":false,"template":"","format":"standard","meta":{"footnotes":""},"categories":[89,99],"tags":[],"class_list":["post-3827","post","type-post","status-publish","format-standard","has-post-thumbnail","hentry","category-emocions","category-poesia-cat"],"_links":{"self":[{"href":"https:\/\/annaferregimenez.com\/ca\/wp-json\/wp\/v2\/posts\/3827"}],"collection":[{"href":"https:\/\/annaferregimenez.com\/ca\/wp-json\/wp\/v2\/posts"}],"about":[{"href":"https:\/\/annaferregimenez.com\/ca\/wp-json\/wp\/v2\/types\/post"}],"author":[{"embeddable":true,"href":"https:\/\/annaferregimenez.com\/ca\/wp-json\/wp\/v2\/users\/4"}],"replies":[{"embeddable":true,"href":"https:\/\/annaferregimenez.com\/ca\/wp-json\/wp\/v2\/comments?post=3827"}],"version-history":[{"count":5,"href":"https:\/\/annaferregimenez.com\/ca\/wp-json\/wp\/v2\/posts\/3827\/revisions"}],"predecessor-version":[{"id":4774,"href":"https:\/\/annaferregimenez.com\/ca\/wp-json\/wp\/v2\/posts\/3827\/revisions\/4774"}],"wp:featuredmedia":[{"embeddable":true,"href":"https:\/\/annaferregimenez.com\/ca\/wp-json\/wp\/v2\/media\/3664"}],"wp:attachment":[{"href":"https:\/\/annaferregimenez.com\/ca\/wp-json\/wp\/v2\/media?parent=3827"}],"wp:term":[{"taxonomy":"category","embeddable":true,"href":"https:\/\/annaferregimenez.com\/ca\/wp-json\/wp\/v2\/categories?post=3827"},{"taxonomy":"post_tag","embeddable":true,"href":"https:\/\/annaferregimenez.com\/ca\/wp-json\/wp\/v2\/tags?post=3827"}],"curies":[{"name":"wp","href":"https:\/\/api.w.org\/{rel}","templated":true}]}}