{"id":3964,"date":"2015-12-21T14:27:31","date_gmt":"2015-12-21T13:27:31","guid":{"rendered":"https:\/\/annaferregimenez.com\/?p=3964"},"modified":"2024-09-06T08:43:07","modified_gmt":"2024-09-06T06:43:07","slug":"navidad-2015-nadal-2015","status":"publish","type":"post","link":"https:\/\/annaferregimenez.com\/ca\/navidad-2015-nadal-2015\/","title":{"rendered":"Navidad 2015\/ Nadal 2015"},"content":{"rendered":"<p><!--:es-->La alegr\u00eda convive con la tristeza, el amor con el dolor. As\u00ed, como nace una Vida de las entra\u00f1as de una mujer, llanto y gozo en un mismo instante. As\u00ed vive, late, cruje, fluye, se expande y se contrae nuestra tierra, nuestro mundo, nuestro universo, nuestra conciencia. As\u00ed se abre, con luz y sombra, nuestra existencia. Y podemos escoger ser tambi\u00e9n luz. Feliz Navidad.<!--:--><!--:ca--><\/p>\n<p>L&#8217;alegria conviu amb la tristesa, l&#8217;amor amb el dolor. Aix\u00ed, com neix una Vida de les entranyes d&#8217;una dona, plor i goig en un mateix instant. Aix\u00ed viu, batega, cruix, flueix, s&#8217;expandeix i es contrau la nostra terra, el nostre m\u00f3n, el nostre univers, la nostra consci\u00e8ncia. Aix\u00ed\u00a0s&#8217;obre, amb llum i ombra, la nostra exist\u00e8ncia. I podem escollir ser tamb\u00e9 llum. Bon Nadal.<\/p>\n<p><!--:--><!--:en--><\/p>\n<p>Joy lives with sadness, love with pain. Thus, as a Life of the womb of a woman, tears and joy born at the same moment. Thus\u00a0our earth, our world, our universe, our consciousness \u00a0live, beat, crunch, flow, expand and \u00a0contract. Thus our existence opens, with light and shadow. And we can choose to be light, too. Merry Christmas.<\/p>\n<p><!--:--><!--:fr--><\/p>\n<p>La joie vit avec la tristesse, l&#8217;amour avec la douleur. Ainsi, comme la vie acouch\u00e9e par une femme, les larmes et la joie n\u00e9es au m\u00eame moment. Ainsi notre terre, notre monde, notre univers, notre consciencie, vit, se bat, coule, craque, se dilate et se contracte. Ainsi, notre existence s&#8217;ouvre,\u00a0avec de la lumi\u00e8re et de l&#8217;ombre. Et nous pouvons choisir d&#8217;\u00eatre aussi\u00a0lumi\u00e8re. Joyeux No\u00ebl.<\/p>\n<p><!--:--><\/p>\n","protected":false},"excerpt":{"rendered":"<p>La alegr\u00eda convive con la tristeza, el amor con el dolor. As\u00ed, como nace una Vida de las entra\u00f1as de una mujer, llanto y gozo en un mismo instante. As\u00ed vive, late, cruje, fluye, se expande y se contrae nuestra tierra, nuestro mundo, nuestro universo, nuestra conciencia. As\u00ed se abre, con luz y sombra, nuestra [&hellip;]<\/p>\n","protected":false},"author":4,"featured_media":3588,"comment_status":"open","ping_status":"open","sticky":false,"template":"","format":"standard","meta":{"footnotes":""},"categories":[79],"tags":[],"class_list":["post-3964","post","type-post","status-publish","format-standard","has-post-thumbnail","hentry","category-uncategorized-ca"],"_links":{"self":[{"href":"https:\/\/annaferregimenez.com\/ca\/wp-json\/wp\/v2\/posts\/3964"}],"collection":[{"href":"https:\/\/annaferregimenez.com\/ca\/wp-json\/wp\/v2\/posts"}],"about":[{"href":"https:\/\/annaferregimenez.com\/ca\/wp-json\/wp\/v2\/types\/post"}],"author":[{"embeddable":true,"href":"https:\/\/annaferregimenez.com\/ca\/wp-json\/wp\/v2\/users\/4"}],"replies":[{"embeddable":true,"href":"https:\/\/annaferregimenez.com\/ca\/wp-json\/wp\/v2\/comments?post=3964"}],"version-history":[{"count":2,"href":"https:\/\/annaferregimenez.com\/ca\/wp-json\/wp\/v2\/posts\/3964\/revisions"}],"predecessor-version":[{"id":3978,"href":"https:\/\/annaferregimenez.com\/ca\/wp-json\/wp\/v2\/posts\/3964\/revisions\/3978"}],"wp:featuredmedia":[{"embeddable":true,"href":"https:\/\/annaferregimenez.com\/ca\/wp-json\/wp\/v2\/media\/3588"}],"wp:attachment":[{"href":"https:\/\/annaferregimenez.com\/ca\/wp-json\/wp\/v2\/media?parent=3964"}],"wp:term":[{"taxonomy":"category","embeddable":true,"href":"https:\/\/annaferregimenez.com\/ca\/wp-json\/wp\/v2\/categories?post=3964"},{"taxonomy":"post_tag","embeddable":true,"href":"https:\/\/annaferregimenez.com\/ca\/wp-json\/wp\/v2\/tags?post=3964"}],"curies":[{"name":"wp","href":"https:\/\/api.w.org\/{rel}","templated":true}]}}