{"id":4152,"date":"2012-06-16T13:59:03","date_gmt":"2012-06-16T11:59:03","guid":{"rendered":"https:\/\/annaferregimenez.com\/?p=4152"},"modified":"2024-09-12T11:16:41","modified_gmt":"2024-09-12T09:16:41","slug":"no-deixa-de-sorprendrem","status":"publish","type":"post","link":"https:\/\/annaferregimenez.com\/ca\/no-deixa-de-sorprendrem\/","title":{"rendered":"no deixa de sorprendre&#8217;m"},"content":{"rendered":"<p><img loading=\"lazy\" decoding=\"async\" class=\"alignleft size-thumbnail wp-image-547 lazyload\" title=\"IMG00061-20120304-1319\" data-src=\"http:\/\/annaferregimenez.files.wordpress.com\/2012\/05\/img00061-20120304-1319.jpg?w=150\" alt=\"\" width=\"150\" height=\"112\" src=\"data:image\/gif;base64,R0lGODlhAQABAAAAACH5BAEKAAEALAAAAAABAAEAAAICTAEAOw==\" style=\"--smush-placeholder-width: 150px; --smush-placeholder-aspect-ratio: 150\/112;\" \/><noscript><img loading=\"lazy\" decoding=\"async\" class=\"alignleft size-thumbnail wp-image-547\" title=\"IMG00061-20120304-1319\" src=\"http:\/\/annaferregimenez.files.wordpress.com\/2012\/05\/img00061-20120304-1319.jpg?w=150\" alt=\"\" width=\"150\" height=\"112\" \/><\/noscript><\/p>\n<p>Ahir, en el taller de constel\u00b7lacions, vaig ser de nou testimoni de la subtil manera que l&#8217;amor pot arribar a canviar-nos, a canviar la nostra mirada, a canviar les nostres emocions, a canviar els nostres pensaments arrelats, els nostres patrons&#8230; en definitiva la nostra vida. Com? a vegades all\u00f2 que sembla tan dif\u00edcil es deslloriga amb unes paraules o un gest&#8230; aix\u00f2 s\u00ed, si s\u00f3n a cor obert. confiant que em puc deixar dur pel batec de la vida, per un amor m\u00e9s gran.<\/p>\n<p>Aix\u00f2 de l&#8217;amor, avui dia, sembla una mica desvaloritzat (tret de l&#8217;amor rom\u00e0ntic, que ens el trobem a la m\u00fasica, a la televisi\u00f3 i a la sopa, sovint, en una mena de caricatura). Per\u00f2 l&#8217;Amor, aquest esperit universal que uneix el que sembla impossible d&#8217;unir, no \u00e9s protagonista dels mitjans&#8230; per sort, es protagonista de les nostres vides, tant com l&#8217;aire que respirem. Doncs respirem conscientment!<\/p>\n<p>&nbsp;<\/p>\n","protected":false},"excerpt":{"rendered":"<p>Ahir, en el taller de constel\u00b7lacions, vaig ser de nou testimoni de la subtil manera que l&#8217;amor pot arribar a canviar-nos, a canviar la nostra mirada, a canviar les nostres emocions, a canviar els nostres pensaments arrelats, els nostres patrons&#8230; en definitiva la nostra vida. Com? a vegades all\u00f2 que sembla tan dif\u00edcil es deslloriga [&hellip;]<\/p>\n","protected":false},"author":4,"featured_media":0,"comment_status":"open","ping_status":"open","sticky":false,"template":"","format":"standard","meta":{"footnotes":""},"categories":[79],"tags":[],"class_list":["post-4152","post","type-post","status-publish","format-standard","hentry","category-uncategorized-ca"],"_links":{"self":[{"href":"https:\/\/annaferregimenez.com\/ca\/wp-json\/wp\/v2\/posts\/4152"}],"collection":[{"href":"https:\/\/annaferregimenez.com\/ca\/wp-json\/wp\/v2\/posts"}],"about":[{"href":"https:\/\/annaferregimenez.com\/ca\/wp-json\/wp\/v2\/types\/post"}],"author":[{"embeddable":true,"href":"https:\/\/annaferregimenez.com\/ca\/wp-json\/wp\/v2\/users\/4"}],"replies":[{"embeddable":true,"href":"https:\/\/annaferregimenez.com\/ca\/wp-json\/wp\/v2\/comments?post=4152"}],"version-history":[{"count":3,"href":"https:\/\/annaferregimenez.com\/ca\/wp-json\/wp\/v2\/posts\/4152\/revisions"}],"predecessor-version":[{"id":4166,"href":"https:\/\/annaferregimenez.com\/ca\/wp-json\/wp\/v2\/posts\/4152\/revisions\/4166"}],"wp:attachment":[{"href":"https:\/\/annaferregimenez.com\/ca\/wp-json\/wp\/v2\/media?parent=4152"}],"wp:term":[{"taxonomy":"category","embeddable":true,"href":"https:\/\/annaferregimenez.com\/ca\/wp-json\/wp\/v2\/categories?post=4152"},{"taxonomy":"post_tag","embeddable":true,"href":"https:\/\/annaferregimenez.com\/ca\/wp-json\/wp\/v2\/tags?post=4152"}],"curies":[{"name":"wp","href":"https:\/\/api.w.org\/{rel}","templated":true}]}}